{"id":416,"date":"2024-04-09T21:19:22","date_gmt":"2024-04-09T21:19:22","guid":{"rendered":"https:\/\/hermanomiguelquito.lasalleweb.ec\/?p=416"},"modified":"2024-09-04T14:39:49","modified_gmt":"2024-09-04T14:39:49","slug":"inauguracion-nuevo-ano-lectivo","status":"publish","type":"post","link":"https:\/\/hermanomiguelquito.lasalleweb.ec\/?p=416","title":{"rendered":"NUEVO A\u00d1O LECTIVO 2024 &#8211; 2025"},"content":{"rendered":"\n<p>\u00a1Bienvenidos al inicio de un nuevo a\u00f1o lectivo en La Salle! <img loading=\"lazy\" decoding=\"async\" height=\"16\" width=\"16\" alt=\"\u2728\" src=\"https:\/\/static.xx.fbcdn.net\/images\/emoji.php\/v9\/t75\/2\/16\/2728.png\"><\/p>\n\n\n\n<p>Hoy comenzamos un viaje lleno de aprendizajes, desaf\u00edos y nuevas oportunidades. En La Salle, no solo nos enfocamos en la excelencia acad\u00e9mica, sino tambi\u00e9n en formar personas \u00edntegras, comprometidas con su entorno y con valores s\u00f3lidos.<\/p>\n\n\n\n<p>Este a\u00f1o es una nueva oportunidad para descubrir, crecer y compartir juntos. Confiamos en que cada uno de ustedes aportar\u00e1 lo mejor de s\u00ed, contribuyendo a nuestra comunidad <a><\/a>lasallista con entusiasmo y dedicaci\u00f3n.<\/p>\n\n\n\n<p>\u00a1Hagamos de este a\u00f1o lectivo una experiencia inolvidable, guiada por la fe, la fraternidad y el servicio! <img loading=\"lazy\" decoding=\"async\" height=\"16\" width=\"16\" alt=\"\ud83c\udf1f\" src=\"https:\/\/static.xx.fbcdn.net\/images\/emoji.php\/v9\/t7f\/2\/16\/1f31f.png\"><\/p>\n","protected":false},"excerpt":{"rendered":"<p>\u00a1Bienvenidos al inicio de un nuevo a\u00f1o lectivo en La Salle! Hoy comenzamos un viaje lleno de aprendizajes, desaf\u00edos y nuevas oportunidades. En La Salle, no solo nos enfocamos en la excelencia acad\u00e9mica, sino tambi\u00e9n en formar personas \u00edntegras, comprometidas con su entorno y con valores s\u00f3lidos. Este a\u00f1o es una nueva oportunidad para descubrir, [&hellip;]<\/p>\n","protected":false},"author":3,"featured_media":570,"comment_status":"closed","ping_status":"closed","sticky":false,"template":"","format":"standard","meta":{"_et_pb_use_builder":"off","_et_pb_old_content":"<!-- wp:paragraph -->\n<p>\u00a1Bienvenidos al inicio de un nuevo a\u00f1o lectivo en La Salle! <img height=\"16\" width=\"16\" alt=\"\u2728\" src=\"https:\/\/static.xx.fbcdn.net\/images\/emoji.php\/v9\/t75\/2\/16\/2728.png\"><\/p>\n<!-- \/wp:paragraph -->\n\n<!-- wp:paragraph -->\n<p>Hoy comenzamos un viaje lleno de aprendizajes, desaf\u00edos y nuevas oportunidades. En La Salle, no solo nos enfocamos en la excelencia acad\u00e9mica, sino tambi\u00e9n en formar personas \u00edntegras, comprometidas con su entorno y con valores s\u00f3lidos.<\/p>\n<!-- \/wp:paragraph -->\n\n<!-- wp:paragraph -->\n<p>Este a\u00f1o es una nueva oportunidad para descubrir, crecer y compartir juntos. Confiamos en que cada uno de ustedes aportar\u00e1 lo mejor de s\u00ed, contribuyendo a nuestra comunidad <a><\/a>lasallista con entusiasmo y dedicaci\u00f3n.<\/p>\n<!-- \/wp:paragraph -->\n\n<!-- wp:paragraph -->\n<p>\u00a1Hagamos de este a\u00f1o lectivo una experiencia inolvidable, guiada por la fe, la fraternidad y el servicio! <img height=\"16\" width=\"16\" alt=\"\ud83c\udf1f\" src=\"https:\/\/static.xx.fbcdn.net\/images\/emoji.php\/v9\/t7f\/2\/16\/1f31f.png\"><\/p>\n<!-- \/wp:paragraph -->","_et_gb_content_width":"","footnotes":""},"categories":[10],"tags":[29,31,30],"class_list":["post-416","post","type-post","status-publish","format-standard","has-post-thumbnail","hentry","category-noticias","tag-ano-lectivo-2024-2025","tag-la-salle-cuenca","tag-nuevo-ano-escolar"],"_links":{"self":[{"href":"https:\/\/hermanomiguelquito.lasalleweb.ec\/index.php?rest_route=\/wp\/v2\/posts\/416","targetHints":{"allow":["GET"]}}],"collection":[{"href":"https:\/\/hermanomiguelquito.lasalleweb.ec\/index.php?rest_route=\/wp\/v2\/posts"}],"about":[{"href":"https:\/\/hermanomiguelquito.lasalleweb.ec\/index.php?rest_route=\/wp\/v2\/types\/post"}],"author":[{"embeddable":true,"href":"https:\/\/hermanomiguelquito.lasalleweb.ec\/index.php?rest_route=\/wp\/v2\/users\/3"}],"replies":[{"embeddable":true,"href":"https:\/\/hermanomiguelquito.lasalleweb.ec\/index.php?rest_route=%2Fwp%2Fv2%2Fcomments&post=416"}],"version-history":[{"count":6,"href":"https:\/\/hermanomiguelquito.lasalleweb.ec\/index.php?rest_route=\/wp\/v2\/posts\/416\/revisions"}],"predecessor-version":[{"id":571,"href":"https:\/\/hermanomiguelquito.lasalleweb.ec\/index.php?rest_route=\/wp\/v2\/posts\/416\/revisions\/571"}],"wp:featuredmedia":[{"embeddable":true,"href":"https:\/\/hermanomiguelquito.lasalleweb.ec\/index.php?rest_route=\/wp\/v2\/media\/570"}],"wp:attachment":[{"href":"https:\/\/hermanomiguelquito.lasalleweb.ec\/index.php?rest_route=%2Fwp%2Fv2%2Fmedia&parent=416"}],"wp:term":[{"taxonomy":"category","embeddable":true,"href":"https:\/\/hermanomiguelquito.lasalleweb.ec\/index.php?rest_route=%2Fwp%2Fv2%2Fcategories&post=416"},{"taxonomy":"post_tag","embeddable":true,"href":"https:\/\/hermanomiguelquito.lasalleweb.ec\/index.php?rest_route=%2Fwp%2Fv2%2Ftags&post=416"}],"curies":[{"name":"wp","href":"https:\/\/api.w.org\/{rel}","templated":true}]}}