{"id":414,"date":"2024-04-09T21:18:19","date_gmt":"2024-04-09T21:18:19","guid":{"rendered":"https:\/\/hermanomiguelquito.lasalleweb.ec\/?p=414"},"modified":"2024-09-04T14:41:24","modified_gmt":"2024-09-04T14:41:24","slug":"retiro-personal-2024","status":"publish","type":"post","link":"https:\/\/hermanomiguelquito.lasalleweb.ec\/?p=414","title":{"rendered":"RETIRO DEL PERSONAL &#8211; LA SALLE"},"content":{"rendered":"\n<p><strong>Prepar\u00e1ndonos para un A\u00f1o de Interioridad y Crecimiento<\/strong><\/p>\n\n\n\n<p><\/p>\n\n\n\n<p><br>El pasado 29 y 30 de agosto, el personal de La Salle se reunieron en un ambiente de fraternidad y reflexi\u00f3n para dar inicio al nuevo a\u00f1o lectivo 2024-2025. La jornada, centrada en la tem\u00e1tica de la interioridad, ofreci\u00f3 a los educadores la oportunidad de desconectarse de sus rutinas diarias y enfocarse en su desarrollo personal y espiritual.<\/p>\n\n\n\n<p>Durante la convivencia participaron en diversas actividades dise\u00f1adas para fortalecer su conexi\u00f3n interior y su compromiso con la misi\u00f3n lasallista. Entre las actividades destacadas, se llevaron a cabo talleres de meditaci\u00f3n, espacios de di\u00e1logo reflexivo, y momentos de oraci\u00f3n comunitaria, todos ellos dirigidos a cultivar la paz interior y la solidaridad entre los miembros de la comunidad educativa.<\/p>\n\n\n\n<p>El enfoque en la interioridad responde al deseo de la instituci\u00f3n de formar no solo profesionales competentes, sino tambi\u00e9n personas integrales que puedan transmitir valores esenciales a sus estudiantes. Al final de la jornada, los docentes expresaron su agradecimiento por el espacio de encuentro y se mostraron motivados para llevar esta experiencia de interioridad a las aulas.<\/p>\n\n\n\n<p>La convivencia de este a\u00f1o marca el inicio de un ciclo lectivo que promete ser enriquecedor, tanto para los educadores como para los estudiantes de La Salle, donde el crecimiento interior ser\u00e1 una prioridad en cada una de las acciones pedag\u00f3gicas.<br><\/p>\n","protected":false},"excerpt":{"rendered":"<p>Prepar\u00e1ndonos para un A\u00f1o de Interioridad y Crecimiento El pasado 29 y 30 de agosto, el personal de La Salle se reunieron en un ambiente de fraternidad y reflexi\u00f3n para dar inicio al nuevo a\u00f1o lectivo 2024-2025. La jornada, centrada en la tem\u00e1tica de la interioridad, ofreci\u00f3 a los educadores la oportunidad de desconectarse de [&hellip;]<\/p>\n","protected":false},"author":3,"featured_media":575,"comment_status":"closed","ping_status":"closed","sticky":false,"template":"","format":"standard","meta":{"_et_pb_use_builder":"off","_et_pb_old_content":"<!-- wp:paragraph -->\n<p><strong>Prepar\u00e1ndonos para un A\u00f1o de Interioridad y Crecimiento<\/strong><\/p>\n<!-- \/wp:paragraph -->\n\n<!-- wp:paragraph -->\n<p><\/p>\n<!-- \/wp:paragraph -->\n\n<!-- wp:paragraph -->\n<p><br>El pasado 29 y 30 de agosto, el personal de La Salle se reunieron en un ambiente de fraternidad y reflexi\u00f3n para dar inicio al nuevo a\u00f1o lectivo 2024-2025. La jornada, centrada en la tem\u00e1tica de la interioridad, ofreci\u00f3 a los educadores la oportunidad de desconectarse de sus rutinas diarias y enfocarse en su desarrollo personal y espiritual.<\/p>\n<!-- \/wp:paragraph -->\n\n<!-- wp:paragraph -->\n<p>Durante la convivencia participaron en diversas actividades dise\u00f1adas para fortalecer su conexi\u00f3n interior y su compromiso con la misi\u00f3n lasallista. Entre las actividades destacadas, se llevaron a cabo talleres de meditaci\u00f3n, espacios de di\u00e1logo reflexivo, y momentos de oraci\u00f3n comunitaria, todos ellos dirigidos a cultivar la paz interior y la solidaridad entre los miembros de la comunidad educativa.<\/p>\n<!-- \/wp:paragraph -->\n\n<!-- wp:paragraph -->\n<p>El enfoque en la interioridad responde al deseo de la instituci\u00f3n de formar no solo profesionales competentes, sino tambi\u00e9n personas integrales que puedan transmitir valores esenciales a sus estudiantes. Al final de la jornada, los docentes expresaron su agradecimiento por el espacio de encuentro y se mostraron motivados para llevar esta experiencia de interioridad a las aulas.<\/p>\n<!-- \/wp:paragraph -->\n\n<!-- wp:paragraph -->\n<p>La convivencia de este a\u00f1o marca el inicio de un ciclo lectivo que promete ser enriquecedor, tanto para los educadores como para los estudiantes de La Salle, donde el crecimiento interior ser\u00e1 una prioridad en cada una de las acciones pedag\u00f3gicas.<br><\/p>\n<!-- \/wp:paragraph -->","_et_gb_content_width":"","footnotes":""},"categories":[10],"tags":[14,28,27],"class_list":["post-414","post","type-post","status-publish","format-standard","has-post-thumbnail","hentry","category-noticias","tag-cuenca","tag-la-salle","tag-retiro"],"_links":{"self":[{"href":"https:\/\/hermanomiguelquito.lasalleweb.ec\/index.php?rest_route=\/wp\/v2\/posts\/414","targetHints":{"allow":["GET"]}}],"collection":[{"href":"https:\/\/hermanomiguelquito.lasalleweb.ec\/index.php?rest_route=\/wp\/v2\/posts"}],"about":[{"href":"https:\/\/hermanomiguelquito.lasalleweb.ec\/index.php?rest_route=\/wp\/v2\/types\/post"}],"author":[{"embeddable":true,"href":"https:\/\/hermanomiguelquito.lasalleweb.ec\/index.php?rest_route=\/wp\/v2\/users\/3"}],"replies":[{"embeddable":true,"href":"https:\/\/hermanomiguelquito.lasalleweb.ec\/index.php?rest_route=%2Fwp%2Fv2%2Fcomments&post=414"}],"version-history":[{"count":5,"href":"https:\/\/hermanomiguelquito.lasalleweb.ec\/index.php?rest_route=\/wp\/v2\/posts\/414\/revisions"}],"predecessor-version":[{"id":578,"href":"https:\/\/hermanomiguelquito.lasalleweb.ec\/index.php?rest_route=\/wp\/v2\/posts\/414\/revisions\/578"}],"wp:featuredmedia":[{"embeddable":true,"href":"https:\/\/hermanomiguelquito.lasalleweb.ec\/index.php?rest_route=\/wp\/v2\/media\/575"}],"wp:attachment":[{"href":"https:\/\/hermanomiguelquito.lasalleweb.ec\/index.php?rest_route=%2Fwp%2Fv2%2Fmedia&parent=414"}],"wp:term":[{"taxonomy":"category","embeddable":true,"href":"https:\/\/hermanomiguelquito.lasalleweb.ec\/index.php?rest_route=%2Fwp%2Fv2%2Fcategories&post=414"},{"taxonomy":"post_tag","embeddable":true,"href":"https:\/\/hermanomiguelquito.lasalleweb.ec\/index.php?rest_route=%2Fwp%2Fv2%2Ftags&post=414"}],"curies":[{"name":"wp","href":"https:\/\/api.w.org\/{rel}","templated":true}]}}